{"id":3656,"date":"2026-05-01T17:23:23","date_gmt":"2026-05-01T22:23:23","guid":{"rendered":"https:\/\/pliniocorrea.com\/?p=3656"},"modified":"2026-05-01T17:23:23","modified_gmt":"2026-05-01T22:23:23","slug":"la-estupenda-santidad-de-san-jose-2","status":"publish","type":"post","link":"https:\/\/pliniocorrea.com\/?p=3656","title":{"rendered":"La estupenda santidad de San Jos\u00e9"},"content":{"rendered":"<p style=\"font-weight: 400;\">La ignorancia religiosa en que vivimos ha producido, entre otros efectos nocivos, el de desvirtuar por completo el significado real de algunas determinaciones de la Iglesia que, cuando son mal interpretadas son enteramente est\u00e9riles de frutos espirituales, pero cuando son bien comprendidas, son f\u00e9rtiles en gracias y provechos de todo orden. Es lo que se da, por ejemplo, con relaci\u00f3n al culto a San Jos\u00e9. Propuesto por la Iglesia como modelo de los jefes de familia y de los obreros, y tambi\u00e9n por el inmenso acervo de virtudes con que fue enriquecido por la gracia, fue modelo ideal de todas las grandes virtudes cat\u00f3licas.<\/p>\n<p style=\"font-weight: 400;\"><strong>La falsa humildad, una cobard\u00eda espiritual<\/strong><\/p>\n<p style=\"font-weight: 400;\">La mayor\u00eda de los cat\u00f3licos, sin embargo, no piensa seriamente en escoger a San Jos\u00e9 como su modelo. De un lado, la inmensa santidad del padre legal de Jes\u00fas, a quien la Iglesia rinde el culto de suprema dul\u00eda [1], les parece un ideal absolutamente inalcanzable.<\/p>\n<p style=\"font-weight: 400;\"><img decoding=\"async\" class=\"aligncenter\" src=\"https:\/\/www.pliniocorreadeoliveira.info\/San_Jose_espanol.jpg\" \/><\/p>\n<p style=\"font-weight: 400;\">De otro lado, la debilidad humana de la que nos sentimos repletos, solicitada por toda especie de inclinaciones, nos aparta de tal manera de cualquier ideal espiritual, que juzgamos haber hecho ya mucho cuando nos liberamos del yugo del pecado mortal y venial, y vivimos una vida espiritual estacionaria relativamente suave, pues \u00e9sta se limita a la conservaci\u00f3n del terreno conquistado, pero enteramente est\u00e9ril para la Iglesia y para la mayor gloria de Dios.<\/p>\n<p style=\"font-weight: 400;\">La Iglesia ciertamente no pretende que sus hijos igualen en gloria y en virtud a aquel que, despu\u00e9s de Mar\u00eda Sant\u00edsima, fue el m\u00e1s elevado exponente de virtudes de la humanidad.<\/p>\n<p style=\"font-weight: 400;\">Por otro lado, sin embargo, ella no quiere de ning\u00fan modo que limitemos nuestros horizontes espirituales a una vida piadosa banal, mezquinada por la err\u00f3nea ilusi\u00f3n de que ser\u00eda falta de humildad aspirar a la santidad que brill\u00f3 en el genio de Santo Tom\u00e1s, en la combatividad de San Ignacio, en el recogimiento de Santa Teresa y en la caridad de San Francisco.<\/p>\n<p style=\"font-weight: 400;\">La Iglesia desenmascara esa falsa humildad, se\u00f1alando en ella, ya sea un pretexto artificioso de la cobard\u00eda espiritual, o una concepci\u00f3n orgullosa de la virtud, considerada m\u00e1s como un fruto del esfuerzo humano que de la misericordia de Dios. Y, al mismo tiempo, ella se sirve del ejemplo de sus grandes santos para \u201clevantar en alto\u201d nuestros corazones, indic\u00e1ndonos que la \u00fanica preocupaci\u00f3n real de esta vida, el \u00fanico problema verdaderamente importante de nuestra existencia, es la adquisici\u00f3n de aquella perfecci\u00f3n espiritual que ser\u00e1 el \u00fanico patrimonio que conservaremos \u2014a despecho de las crisis financieras, de las conmociones sociales, y de la fragilidad de las cosas humanas\u2014, para finalmente transponer con \u00e9l los propios umbrales de la eternidad.<\/p>\n<p style=\"font-weight: 400;\"><strong>Una admirable espiritualidad<\/strong><\/p>\n<p style=\"font-weight: 400;\">De ello es ejemplo cabal el gran San Jos\u00e9. Nacido de una familia ilustre, \u00e9l arrastra, no obstante, una existencia oscura que, contrastando con el brillo de su nombre, lo coloc\u00f3 en la capa m\u00e1s baja de la sociedad de su tiempo.<\/p>\n<p style=\"font-weight: 400;\">Le faltan las dotes naturales con que los hombres se hacen grandes. No dispone de ej\u00e9rcitos ni de s\u00fabditos que lleven lejos la gloria de su nombre. No dispone del dinero con el cual pueda escalar las altas posiciones. Vive humilde y despreciado, a la sombra del Templo majestuoso que edificara su antepasado David, y en el mismo pa\u00eds en que hab\u00eda reinado la sabidur\u00eda de su antepasado Salom\u00f3n.<\/p>\n<p style=\"font-weight: 400;\">Empero, brilla en \u00e9l la llama de la caridad.\u00a0Un intenso amor de Dios, una espiritualidad y una vida interior admirables hacen de su alma objeto de la complacencia de la Sant\u00edsima Trinidad, y ese hombre humilde es llamado a coparticipar de modo directo en acontecimientos de los cuales derivar\u00edan los m\u00e1s notables hechos de la Historia del mundo.<\/p>\n<p style=\"font-weight: 400;\"><strong>La colaboraci\u00f3n de San Jos\u00e9 en el plan divino<\/strong><\/p>\n<p style=\"font-weight: 400;\">La Redenci\u00f3n de la humanidad, que es el hecho central de toda nuestra Historia, determin\u00f3 la ca\u00edda del paganismo, el surgimiento y el triunfo de la Iglesia Cat\u00f3lica, la implantaci\u00f3n de una civilizaci\u00f3n basada en concepciones completamente nuevas de la familia, del Estado, del individuo y de la Religi\u00f3n, que fueron los hechos iniciales y la causa del gran progreso que hoy admiramos.<\/p>\n<p style=\"font-weight: 400;\">La familia pagana, transformada y sobrenaturalizada por el contacto con los Sacramentos de la Iglesia, se transform\u00f3 en foco admirable de perfecci\u00f3n espiritual, y en escuela austera de disciplina de los instintos inferiores.<\/p>\n<p style=\"font-weight: 400;\">El Estado pagano, transformado desde sus fundamentos por el Catolicismo, dej\u00f3 de ser privilegio de plut\u00f3cratas o demagogos, para ser antes que nada un admirable medio de distribuci\u00f3n equitativa de la justicia y protecci\u00f3n a todos los individuos.<\/p>\n<p style=\"font-weight: 400;\">El individuo, que en el paganismo era presa de sus pasiones, vio abrirse delante de s\u00ed el admirable ideal de perfecci\u00f3n espiritual predicado por el Hombre-Dios; y el hombre medieval, descendiente de los sibaritas de la Antig\u00fcedad, se transform\u00f3 en el cruzado, en el asceta o en el fil\u00f3sofo cristiano.<\/p>\n<p style=\"font-weight: 400;\">La Religi\u00f3n, en fin, consigui\u00f3 traer al mundo, con sus Sacramentos, con la gracia de que es veh\u00edculo, y con el admirable apostolado jer\u00e1rquico de la Iglesia, una continuidad de acci\u00f3n santificadora que ha sido la columna de la civilizaci\u00f3n, y que es a\u00fan hoy el \u00fanico obst\u00e1culo contra la acci\u00f3n invasora del comunismo, como lo fue contra las invasiones b\u00e1rbaras o musulmanas.<\/p>\n<p style=\"font-weight: 400;\">Todos estos acontecimientos gloriosos tuvieron su origen en la Redenci\u00f3n. San Jos\u00e9, por la admirable correspondencia a la gracia con que se distingui\u00f3, colabor\u00f3 de modo eminente en el plan divino de la Redenci\u00f3n. Y, como tal, es merecedor de una gran parte de la gloria que, leg\u00edtimamente, le cabe al Divino Salvador por la inmensidad de beneficios con que nos colm\u00f3.<\/p>\n<p style=\"font-weight: 400;\"><strong>\u00a1Vida interior intensa, constante, ambiciosa!<\/strong><\/p>\n<p style=\"font-weight: 400;\">Vemos, pues, la admirable fecundidad de una vida que todas las circunstancias naturales tend\u00edan a volver est\u00e9ril. Vemos la prodigiosa capacidad de acci\u00f3n de la santidad, que en el recogimiento y en la humildad, colabor\u00f3 directamente en acontecimientos mucho m\u00e1s importantes, y tuvo una participaci\u00f3n incalculablemente m\u00e1s notable en toda la Historia de la humanidad que Alejandro con sus ej\u00e9rcitos, Kant con su saber arrogante, o Maquiavelo con su diplomacia astuta y amoral.<\/p>\n<p style=\"font-weight: 400;\">Vida interior, por lo tanto. Vida interior intensa, constante, ilimitadamente ambiciosa, en el sentido espiritual de la palabra, es la gran lecci\u00f3n que la fiesta de San Jos\u00e9 nos deja.<\/p>\n<p style=\"font-weight: 400;\">\u00cdntimamente unidos a Nuestra Se\u00f1ora como lo fue San Jos\u00e9, la grandeza de la lecci\u00f3n no debe desanimar la escasez de nuestras fuerzas, pues debemos exclamar como aliento: Omnia possum in eo qui me confortat \u2014 \u201cTodo lo puedo en aquel que me conforta\u201d (Filp. 4, 13).<\/p>\n","protected":false},"excerpt":{"rendered":"<p>La ignorancia religiosa en que vivimos ha producido, entre otros efectos nocivos, el de desvirtuar por completo el significado real de algunas determinaciones de la Iglesia que, cuando son mal interpretadas son enteramente est\u00e9riles de frutos espirituales, pero cuando son bien comprendidas, son f\u00e9rtiles en gracias y provechos de todo orden. Es lo que se<\/p>\n","protected":false},"author":5,"featured_media":3657,"comment_status":"open","ping_status":"open","sticky":false,"template":"","format":"standard","meta":{"footnotes":""},"categories":[230],"tags":[],"class_list":["post-3656","post","type-post","status-publish","format-standard","has-post-thumbnail","hentry","category-santos-del-dia"],"_links":{"self":[{"href":"https:\/\/pliniocorrea.com\/index.php?rest_route=\/wp\/v2\/posts\/3656","targetHints":{"allow":["GET"]}}],"collection":[{"href":"https:\/\/pliniocorrea.com\/index.php?rest_route=\/wp\/v2\/posts"}],"about":[{"href":"https:\/\/pliniocorrea.com\/index.php?rest_route=\/wp\/v2\/types\/post"}],"author":[{"embeddable":true,"href":"https:\/\/pliniocorrea.com\/index.php?rest_route=\/wp\/v2\/users\/5"}],"replies":[{"embeddable":true,"href":"https:\/\/pliniocorrea.com\/index.php?rest_route=%2Fwp%2Fv2%2Fcomments&post=3656"}],"version-history":[{"count":1,"href":"https:\/\/pliniocorrea.com\/index.php?rest_route=\/wp\/v2\/posts\/3656\/revisions"}],"predecessor-version":[{"id":3658,"href":"https:\/\/pliniocorrea.com\/index.php?rest_route=\/wp\/v2\/posts\/3656\/revisions\/3658"}],"wp:featuredmedia":[{"embeddable":true,"href":"https:\/\/pliniocorrea.com\/index.php?rest_route=\/wp\/v2\/media\/3657"}],"wp:attachment":[{"href":"https:\/\/pliniocorrea.com\/index.php?rest_route=%2Fwp%2Fv2%2Fmedia&parent=3656"}],"wp:term":[{"taxonomy":"category","embeddable":true,"href":"https:\/\/pliniocorrea.com\/index.php?rest_route=%2Fwp%2Fv2%2Fcategories&post=3656"},{"taxonomy":"post_tag","embeddable":true,"href":"https:\/\/pliniocorrea.com\/index.php?rest_route=%2Fwp%2Fv2%2Ftags&post=3656"}],"curies":[{"name":"wp","href":"https:\/\/api.w.org\/{rel}","templated":true}]}}